[{"@context":"https:\/\/schema.org\/","@type":"Blog","@id":"https:\/\/www.ausseer-hut.at#Blog","headline":"Ausseer-Hut","description":"\nEs gibt sowohl erfolgreiche Anzeigen als auch solche, die einfach gescheitert sind. Und nur die der erstgenannten Art machen Sinn. Und genau solche finden Sie auf unserer Website.","url":"https:\/\/www.ausseer-hut.at","hasPart":[{"@type":"Article","@id":"https:\/\/www.ausseer-hut.at\/dekorationen-zum-thema-der-jahreszeit\/","headline":"Dekorationen zum Thema der Jahreszeit","url":"https:\/\/www.ausseer-hut.at\/dekorationen-zum-thema-der-jahreszeit\/","datePublished":"2023-07-25","dateModified":"2023-07-25","mainEntityOfPage":"https:\/\/www.ausseer-hut.at\/dekorationen-zum-thema-der-jahreszeit\/","author":{"@type":"Person","@id":"https:\/\/www.ausseer-hut.at\/author\/#Person","name":"","url":"https:\/\/www.ausseer-hut.at\/author\/","identifier":1,"image":{"@type":"ImageObject","@id":"https:\/\/secure.gravatar.com\/avatar\/9994033610bfa8d5c75e7c2dd1b5bdd54900f4ed2e7e5c6722d4887246e31af4?s=96&d=mm&r=g","url":"https:\/\/secure.gravatar.com\/avatar\/9994033610bfa8d5c75e7c2dd1b5bdd54900f4ed2e7e5c6722d4887246e31af4?s=96&d=mm&r=g","height":96,"width":96}},"publisher":{"@type":"Organization","name":"ausseer-hut.at","logo":{"@type":"ImageObject","@id":"\/logo.png","url":"\/logo.png","width":600,"height":60}},"image":{"@type":"ImageObject","@id":"https:\/\/www.ausseer-hut.at\/wp-content\/uploads\/easter-eggs-2145667_640_1.jpg","url":"https:\/\/www.ausseer-hut.at\/wp-content\/uploads\/easter-eggs-2145667_640_1.jpg","height":0,"width":0},"wordCount":552,"keywords":null},{"@type":"Article","@id":"https:\/\/www.ausseer-hut.at\/donde-descansa-cristobal-colonandalucia\/","headline":"Donde descansa Crist\u00f3bal Col\u00f3nAndaluc\u00eda","url":"https:\/\/www.ausseer-hut.at\/donde-descansa-cristobal-colonandalucia\/","datePublished":"2023-07-22","dateModified":"2023-07-22","mainEntityOfPage":"https:\/\/www.ausseer-hut.at\/donde-descansa-cristobal-colonandalucia\/","author":{"@type":"Person","@id":"https:\/\/www.ausseer-hut.at\/author\/#Person","name":"","url":"https:\/\/www.ausseer-hut.at\/author\/","identifier":1,"image":{"@type":"ImageObject","@id":"https:\/\/secure.gravatar.com\/avatar\/9994033610bfa8d5c75e7c2dd1b5bdd54900f4ed2e7e5c6722d4887246e31af4?s=96&d=mm&r=g","url":"https:\/\/secure.gravatar.com\/avatar\/9994033610bfa8d5c75e7c2dd1b5bdd54900f4ed2e7e5c6722d4887246e31af4?s=96&d=mm&r=g","height":96,"width":96}},"publisher":{"@type":"Organization","name":"ausseer-hut.at","logo":{"@type":"ImageObject","@id":"\/logo.png","url":"\/logo.png","width":600,"height":60}},"image":{"@type":"ImageObject","@id":"https:\/\/www.ausseer-hut.at\/wp-content\/uploads\/img_a312264_w2005_t1523266426.jpg_1..jpg","url":"https:\/\/www.ausseer-hut.at\/wp-content\/uploads\/img_a312264_w2005_t1523266426.jpg_1..jpg","height":0,"width":0},"wordCount":501,"keywords":null},{"@type":"Article","@id":"https:\/\/www.ausseer-hut.at\/wie-kann-man-ein-schlafzimmer-einrichten-worauf-muss-ich-achten-damit-es-perfekt-wird\/","headline":"Wie kann man ein Schlafzimmer einrichten? Worauf muss ich achten, damit es perfekt wird?","url":"https:\/\/www.ausseer-hut.at\/wie-kann-man-ein-schlafzimmer-einrichten-worauf-muss-ich-achten-damit-es-perfekt-wird\/","datePublished":"2023-07-20","dateModified":"2023-07-20","mainEntityOfPage":"https:\/\/www.ausseer-hut.at\/wie-kann-man-ein-schlafzimmer-einrichten-worauf-muss-ich-achten-damit-es-perfekt-wird\/","author":{"@type":"Person","@id":"https:\/\/www.ausseer-hut.at\/author\/#Person","name":"","url":"https:\/\/www.ausseer-hut.at\/author\/","identifier":1,"image":{"@type":"ImageObject","@id":"https:\/\/secure.gravatar.com\/avatar\/9994033610bfa8d5c75e7c2dd1b5bdd54900f4ed2e7e5c6722d4887246e31af4?s=96&d=mm&r=g","url":"https:\/\/secure.gravatar.com\/avatar\/9994033610bfa8d5c75e7c2dd1b5bdd54900f4ed2e7e5c6722d4887246e31af4?s=96&d=mm&r=g","height":96,"width":96}},"publisher":{"@type":"Organization","name":"ausseer-hut.at","logo":{"@type":"ImageObject","@id":"\/logo.png","url":"\/logo.png","width":600,"height":60}},"image":{"@type":"ImageObject","@id":"https:\/\/www.ausseer-hut.at\/wp-content\/uploads\/pexels-photo-90317.jpeg","url":"https:\/\/www.ausseer-hut.at\/wp-content\/uploads\/pexels-photo-90317.jpeg","height":0,"width":0},"wordCount":529,"keywords":null},{"@type":"Article","@id":"https:\/\/www.ausseer-hut.at\/verbindet-der-sport-wirklich-die-nation\/","headline":"Verbindet der Sport wirklich die Nation?","url":"https:\/\/www.ausseer-hut.at\/verbindet-der-sport-wirklich-die-nation\/","datePublished":"2023-07-15","dateModified":"2023-07-15","mainEntityOfPage":"https:\/\/www.ausseer-hut.at\/verbindet-der-sport-wirklich-die-nation\/","author":{"@type":"Person","@id":"https:\/\/www.ausseer-hut.at\/author\/#Person","name":"","url":"https:\/\/www.ausseer-hut.at\/author\/","identifier":1,"image":{"@type":"ImageObject","@id":"https:\/\/secure.gravatar.com\/avatar\/9994033610bfa8d5c75e7c2dd1b5bdd54900f4ed2e7e5c6722d4887246e31af4?s=96&d=mm&r=g","url":"https:\/\/secure.gravatar.com\/avatar\/9994033610bfa8d5c75e7c2dd1b5bdd54900f4ed2e7e5c6722d4887246e31af4?s=96&d=mm&r=g","height":96,"width":96}},"publisher":{"@type":"Organization","name":"ausseer-hut.at","logo":{"@type":"ImageObject","@id":"\/logo.png","url":"\/logo.png","width":600,"height":60}},"image":null,"wordCount":30,"keywords":null},{"@type":"Article","@id":"https:\/\/www.ausseer-hut.at\/que-dar-de-comer-a-los-pajaros-en-invierno\/","headline":"Qu\u00e9 dar de comer a los p\u00e1jaros en invierno","url":"https:\/\/www.ausseer-hut.at\/que-dar-de-comer-a-los-pajaros-en-invierno\/","datePublished":"2023-07-15","dateModified":"2023-07-15","mainEntityOfPage":"https:\/\/www.ausseer-hut.at\/que-dar-de-comer-a-los-pajaros-en-invierno\/","author":{"@type":"Person","@id":"https:\/\/www.ausseer-hut.at\/author\/#Person","name":"","url":"https:\/\/www.ausseer-hut.at\/author\/","identifier":1,"image":{"@type":"ImageObject","@id":"https:\/\/secure.gravatar.com\/avatar\/9994033610bfa8d5c75e7c2dd1b5bdd54900f4ed2e7e5c6722d4887246e31af4?s=96&d=mm&r=g","url":"https:\/\/secure.gravatar.com\/avatar\/9994033610bfa8d5c75e7c2dd1b5bdd54900f4ed2e7e5c6722d4887246e31af4?s=96&d=mm&r=g","height":96,"width":96}},"publisher":{"@type":"Organization","name":"ausseer-hut.at","logo":{"@type":"ImageObject","@id":"\/logo.png","url":"\/logo.png","width":600,"height":60}},"image":{"@type":"ImageObject","@id":"https:\/\/www.ausseer-hut.at\/wp-content\/uploads\/bird-341898_960_720_1.jpg_1..jpg","url":"https:\/\/www.ausseer-hut.at\/wp-content\/uploads\/bird-341898_960_720_1.jpg_1..jpg","height":0,"width":0},"wordCount":518,"keywords":null},{"@type":"Article","@id":"https:\/\/www.ausseer-hut.at\/nikdy-neni-pozde\/","headline":"Nikdy nen\u00ed pozd\u011b","url":"https:\/\/www.ausseer-hut.at\/nikdy-neni-pozde\/","datePublished":"2023-07-14","dateModified":"2023-07-14","mainEntityOfPage":"https:\/\/www.ausseer-hut.at\/nikdy-neni-pozde\/","author":{"@type":"Person","@id":"https:\/\/www.ausseer-hut.at\/author\/#Person","name":"","url":"https:\/\/www.ausseer-hut.at\/author\/","identifier":1,"image":{"@type":"ImageObject","@id":"https:\/\/secure.gravatar.com\/avatar\/9994033610bfa8d5c75e7c2dd1b5bdd54900f4ed2e7e5c6722d4887246e31af4?s=96&d=mm&r=g","url":"https:\/\/secure.gravatar.com\/avatar\/9994033610bfa8d5c75e7c2dd1b5bdd54900f4ed2e7e5c6722d4887246e31af4?s=96&d=mm&r=g","height":96,"width":96}},"publisher":{"@type":"Organization","name":"ausseer-hut.at","logo":{"@type":"ImageObject","@id":"\/logo.png","url":"\/logo.png","width":600,"height":60}},"image":{"@type":"ImageObject","@id":"https:\/\/www.ausseer-hut.at\/wp-content\/uploads\/iphone-4130253_640_9.jpg","url":"https:\/\/www.ausseer-hut.at\/wp-content\/uploads\/iphone-4130253_640_9.jpg","height":0,"width":0},"wordCount":565,"keywords":null},{"@type":"Article","@id":"https:\/\/www.ausseer-hut.at\/tanzen-in-perfekter-form\/","headline":"Tanzen in perfekter Form","url":"https:\/\/www.ausseer-hut.at\/tanzen-in-perfekter-form\/","datePublished":"2023-07-14","dateModified":"2023-07-14","mainEntityOfPage":"https:\/\/www.ausseer-hut.at\/tanzen-in-perfekter-form\/","author":{"@type":"Person","@id":"https:\/\/www.ausseer-hut.at\/author\/#Person","name":"","url":"https:\/\/www.ausseer-hut.at\/author\/","identifier":1,"image":{"@type":"ImageObject","@id":"https:\/\/secure.gravatar.com\/avatar\/9994033610bfa8d5c75e7c2dd1b5bdd54900f4ed2e7e5c6722d4887246e31af4?s=96&d=mm&r=g","url":"https:\/\/secure.gravatar.com\/avatar\/9994033610bfa8d5c75e7c2dd1b5bdd54900f4ed2e7e5c6722d4887246e31af4?s=96&d=mm&r=g","height":96,"width":96}},"publisher":{"@type":"Organization","name":"ausseer-hut.at","logo":{"@type":"ImageObject","@id":"\/logo.png","url":"\/logo.png","width":600,"height":60}},"image":{"@type":"ImageObject","@id":"https:\/\/www.ausseer-hut.at\/wp-content\/uploads\/img_a371690_w3110_t1582990586.jpg","url":"https:\/\/www.ausseer-hut.at\/wp-content\/uploads\/img_a371690_w3110_t1582990586.jpg","height":0,"width":0},"wordCount":484,"keywords":null},{"@type":"Article","@id":"https:\/\/www.ausseer-hut.at\/what-you-need-to-clean-your-hands\/","headline":"What you need to clean your hands","url":"https:\/\/www.ausseer-hut.at\/what-you-need-to-clean-your-hands\/","datePublished":"2023-07-11","dateModified":"2023-07-11","mainEntityOfPage":"https:\/\/www.ausseer-hut.at\/what-you-need-to-clean-your-hands\/","author":{"@type":"Person","@id":"https:\/\/www.ausseer-hut.at\/author\/#Person","name":"","url":"https:\/\/www.ausseer-hut.at\/author\/","identifier":1,"image":{"@type":"ImageObject","@id":"https:\/\/secure.gravatar.com\/avatar\/9994033610bfa8d5c75e7c2dd1b5bdd54900f4ed2e7e5c6722d4887246e31af4?s=96&d=mm&r=g","url":"https:\/\/secure.gravatar.com\/avatar\/9994033610bfa8d5c75e7c2dd1b5bdd54900f4ed2e7e5c6722d4887246e31af4?s=96&d=mm&r=g","height":96,"width":96}},"publisher":{"@type":"Organization","name":"ausseer-hut.at","logo":{"@type":"ImageObject","@id":"\/logo.png","url":"\/logo.png","width":600,"height":60}},"image":{"@type":"ImageObject","@id":"https:\/\/www.ausseer-hut.at\/wp-content\/uploads\/img_a341486_w2586_t1554112424.jpg","url":"https:\/\/www.ausseer-hut.at\/wp-content\/uploads\/img_a341486_w2586_t1554112424.jpg","height":0,"width":0},"wordCount":399,"keywords":null},{"@type":"Article","@id":"https:\/\/www.ausseer-hut.at\/cabello-y-cuidado-del-cabello\/","headline":"Cabello y cuidado del cabello","url":"https:\/\/www.ausseer-hut.at\/cabello-y-cuidado-del-cabello\/","datePublished":"2023-07-09","dateModified":"2023-07-09","mainEntityOfPage":"https:\/\/www.ausseer-hut.at\/cabello-y-cuidado-del-cabello\/","author":{"@type":"Person","@id":"https:\/\/www.ausseer-hut.at\/author\/#Person","name":"","url":"https:\/\/www.ausseer-hut.at\/author\/","identifier":1,"image":{"@type":"ImageObject","@id":"https:\/\/secure.gravatar.com\/avatar\/9994033610bfa8d5c75e7c2dd1b5bdd54900f4ed2e7e5c6722d4887246e31af4?s=96&d=mm&r=g","url":"https:\/\/secure.gravatar.com\/avatar\/9994033610bfa8d5c75e7c2dd1b5bdd54900f4ed2e7e5c6722d4887246e31af4?s=96&d=mm&r=g","height":96,"width":96}},"publisher":{"@type":"Organization","name":"ausseer-hut.at","logo":{"@type":"ImageObject","@id":"\/logo.png","url":"\/logo.png","width":600,"height":60}},"image":{"@type":"ImageObject","@id":"https:\/\/www.ausseer-hut.at\/wp-content\/uploads\/pexels-maryiaplashchynskaya-3615457.jpg","url":"https:\/\/www.ausseer-hut.at\/wp-content\/uploads\/pexels-maryiaplashchynskaya-3615457.jpg","height":0,"width":0},"wordCount":422,"keywords":null},{"@type":"Article","@id":"https:\/\/www.ausseer-hut.at\/wie-man-am-besten-ein-urlaubsziel-auswahlt\/","headline":"Wie man am besten ein Urlaubsziel ausw\u00e4hlt","url":"https:\/\/www.ausseer-hut.at\/wie-man-am-besten-ein-urlaubsziel-auswahlt\/","datePublished":"2023-07-09","dateModified":"2023-07-09","mainEntityOfPage":"https:\/\/www.ausseer-hut.at\/wie-man-am-besten-ein-urlaubsziel-auswahlt\/","author":{"@type":"Person","@id":"https:\/\/www.ausseer-hut.at\/author\/#Person","name":"","url":"https:\/\/www.ausseer-hut.at\/author\/","identifier":1,"image":{"@type":"ImageObject","@id":"https:\/\/secure.gravatar.com\/avatar\/9994033610bfa8d5c75e7c2dd1b5bdd54900f4ed2e7e5c6722d4887246e31af4?s=96&d=mm&r=g","url":"https:\/\/secure.gravatar.com\/avatar\/9994033610bfa8d5c75e7c2dd1b5bdd54900f4ed2e7e5c6722d4887246e31af4?s=96&d=mm&r=g","height":96,"width":96}},"publisher":{"@type":"Organization","name":"ausseer-hut.at","logo":{"@type":"ImageObject","@id":"\/logo.png","url":"\/logo.png","width":600,"height":60}},"image":{"@type":"ImageObject","@id":"https:\/\/www.ausseer-hut.at\/wp-content\/uploads\/duha2_2.jpg","url":"https:\/\/www.ausseer-hut.at\/wp-content\/uploads\/duha2_2.jpg","height":0,"width":0},"wordCount":460,"keywords":null}]},{"@context":"https:\/\/schema.org","@type":"WebSite","@id":"https:\/\/www.ausseer-hut.at\/#website","name":"Ausseer-Hut","url":"https:\/\/www.ausseer-hut.at","potentialAction":{"@type":"SearchAction","target":"https:\/\/www.ausseer-hut.at\/?s={search_term_string}","query-input":"required name=search_term_string"}}]